{"id":20455,"date":"2011-02-11T23:11:41","date_gmt":"2011-02-12T02:11:41","guid":{"rendered":"http:\/\/www.quintavision.cl\/portal\/?p=20455"},"modified":"2019-02-24T09:02:09","modified_gmt":"2019-02-24T12:02:09","slug":"festival-concon-un-canto-al-mar-2011","status":"publish","type":"post","link":"https:\/\/www.quintavision.cl\/portal\/11\/02\/2011\/festival-concon-un-canto-al-mar-2011\/","title":{"rendered":"Festival Conc\u00f3n Un Canto al Mar 2011"},"content":{"rendered":"<p>Viernes 4 febrero 2011: Abertura Grupo Mauc\u00f3, Ruta 5, El Gitano, Competencia, El humor de Bohemia Porte\u00f1a, La Sonora Palacios.<\/p>\n<div class=\"epyt-video-wrapper\"><iframe  style=\"display: block; margin: 0px auto;\"  id=\"_ytid_56964\"  width=\"640\" height=\"480\"  data-origwidth=\"640\" data-origheight=\"480\" src=\"https:\/\/www.youtube.com\/embed\/i2Yz8LFB3yg?enablejsapi=1&#038;autoplay=1&#038;cc_load_policy=0&#038;cc_lang_pref=&#038;iv_load_policy=3&#038;loop=1&#038;playlist=i2Yz8LFB3yg&#038;rel=-1&#038;fs=1&#038;playsinline=0&#038;autohide=2&#038;theme=dark&#038;color=red&#038;controls=1&#038;disablekb=0&#038;\" class=\"__youtube_prefs__  epyt-is-override  no-lazyload\" title=\"YouTube player\"  allow=\"fullscreen; accelerometer; autoplay; clipboard-write; encrypted-media; gyroscope; picture-in-picture; web-share\" referrerpolicy=\"strict-origin-when-cross-origin\" allowfullscreen data-no-lazy=\"1\" data-skipgform_ajax_framebjll=\"\"><\/iframe><\/div>\n<div class=\"epyt-video-wrapper\"><iframe  style=\"display: block; margin: 0px auto;\"  id=\"_ytid_44486\"  width=\"640\" height=\"480\"  data-origwidth=\"640\" data-origheight=\"480\" src=\"https:\/\/www.youtube.com\/embed\/LdshTkJ5FtQ?enablejsapi=1&#038;autoplay=1&#038;cc_load_policy=0&#038;cc_lang_pref=&#038;iv_load_policy=3&#038;loop=1&#038;playlist=LdshTkJ5FtQ&#038;rel=-1&#038;fs=1&#038;playsinline=0&#038;autohide=2&#038;theme=dark&#038;color=red&#038;controls=1&#038;disablekb=0&#038;\" class=\"__youtube_prefs__  epyt-is-override  no-lazyload\" title=\"YouTube player\"  allow=\"fullscreen; accelerometer; autoplay; clipboard-write; encrypted-media; gyroscope; picture-in-picture; web-share\" referrerpolicy=\"strict-origin-when-cross-origin\" allowfullscreen data-no-lazy=\"1\" data-skipgform_ajax_framebjll=\"\"><\/iframe><\/div>\n<div class=\"epyt-video-wrapper\"><iframe  style=\"display: block; margin: 0px auto;\"  id=\"_ytid_21415\"  width=\"640\" height=\"480\"  data-origwidth=\"640\" data-origheight=\"480\" src=\"https:\/\/www.youtube.com\/embed\/KPAP_uzrQ3A?enablejsapi=1&#038;autoplay=1&#038;cc_load_policy=0&#038;cc_lang_pref=&#038;iv_load_policy=3&#038;loop=1&#038;playlist=KPAP_uzrQ3A&#038;rel=-1&#038;fs=1&#038;playsinline=0&#038;autohide=2&#038;theme=dark&#038;color=red&#038;controls=1&#038;disablekb=0&#038;\" class=\"__youtube_prefs__  epyt-is-override  no-lazyload\" title=\"YouTube player\"  allow=\"fullscreen; accelerometer; autoplay; clipboard-write; encrypted-media; gyroscope; picture-in-picture; web-share\" referrerpolicy=\"strict-origin-when-cross-origin\" allowfullscreen data-no-lazy=\"1\" data-skipgform_ajax_framebjll=\"\"><\/iframe><\/div>\n<div class=\"epyt-video-wrapper\"><iframe  style=\"display: block; margin: 0px auto;\"  id=\"_ytid_25616\"  width=\"640\" height=\"480\"  data-origwidth=\"640\" data-origheight=\"480\" src=\"https:\/\/www.youtube.com\/embed\/vVHTm-e-tys?enablejsapi=1&#038;autoplay=1&#038;cc_load_policy=0&#038;cc_lang_pref=&#038;iv_load_policy=3&#038;loop=1&#038;playlist=vVHTm-e-tys&#038;rel=-1&#038;fs=1&#038;playsinline=0&#038;autohide=2&#038;theme=dark&#038;color=red&#038;controls=1&#038;disablekb=0&#038;\" class=\"__youtube_prefs__  epyt-is-override  no-lazyload\" title=\"YouTube player\"  allow=\"fullscreen; accelerometer; autoplay; clipboard-write; encrypted-media; gyroscope; picture-in-picture; web-share\" referrerpolicy=\"strict-origin-when-cross-origin\" allowfullscreen data-no-lazy=\"1\" data-skipgform_ajax_framebjll=\"\"><\/iframe><\/div>\n<div class=\"epyt-video-wrapper\"><iframe  style=\"display: block; margin: 0px auto;\"  id=\"_ytid_28686\"  width=\"640\" height=\"480\"  data-origwidth=\"640\" data-origheight=\"480\" src=\"https:\/\/www.youtube.com\/embed\/Ot3QvSlJJ4w?enablejsapi=1&#038;autoplay=1&#038;cc_load_policy=0&#038;cc_lang_pref=&#038;iv_load_policy=3&#038;loop=1&#038;playlist=Ot3QvSlJJ4w&#038;rel=-1&#038;fs=1&#038;playsinline=0&#038;autohide=2&#038;theme=dark&#038;color=red&#038;controls=1&#038;disablekb=0&#038;\" class=\"__youtube_prefs__  epyt-is-override  no-lazyload\" title=\"YouTube player\"  allow=\"fullscreen; accelerometer; autoplay; clipboard-write; encrypted-media; gyroscope; picture-in-picture; web-share\" referrerpolicy=\"strict-origin-when-cross-origin\" allowfullscreen data-no-lazy=\"1\" data-skipgform_ajax_framebjll=\"\"><\/iframe><\/div>\n<p>S\u00e1bado 5: Abertura Grupo Mauc\u00f3, Hermanos Morales, Rodrigo Tapia (ex Rojo), Competencia, Natalino, el humor de Gigi Martin, Premiaci\u00f3n, Grupo Mega Apuesta<\/p>\n<div class=\"epyt-video-wrapper\"><iframe  style=\"display: block; margin: 0px auto;\"  id=\"_ytid_95474\"  width=\"640\" height=\"480\"  data-origwidth=\"640\" data-origheight=\"480\" src=\"https:\/\/www.youtube.com\/embed\/UJuil7M9hW8?enablejsapi=1&#038;autoplay=1&#038;cc_load_policy=0&#038;cc_lang_pref=&#038;iv_load_policy=3&#038;loop=1&#038;playlist=UJuil7M9hW8&#038;rel=-1&#038;fs=1&#038;playsinline=0&#038;autohide=2&#038;theme=dark&#038;color=red&#038;controls=1&#038;disablekb=0&#038;\" class=\"__youtube_prefs__  epyt-is-override  no-lazyload\" title=\"YouTube player\"  allow=\"fullscreen; accelerometer; autoplay; clipboard-write; encrypted-media; gyroscope; picture-in-picture; web-share\" referrerpolicy=\"strict-origin-when-cross-origin\" allowfullscreen data-no-lazy=\"1\" data-skipgform_ajax_framebjll=\"\"><\/iframe><\/div>\n<div class=\"epyt-video-wrapper\"><iframe  style=\"display: block; margin: 0px auto;\"  id=\"_ytid_39793\"  width=\"640\" height=\"480\"  data-origwidth=\"640\" data-origheight=\"480\" src=\"https:\/\/www.youtube.com\/embed\/rC-E0bYFOmI?enablejsapi=1&#038;autoplay=1&#038;cc_load_policy=0&#038;cc_lang_pref=&#038;iv_load_policy=3&#038;loop=1&#038;playlist=rC-E0bYFOmI&#038;rel=-1&#038;fs=1&#038;playsinline=0&#038;autohide=2&#038;theme=dark&#038;color=red&#038;controls=1&#038;disablekb=0&#038;\" class=\"__youtube_prefs__  epyt-is-override  no-lazyload\" title=\"YouTube player\"  allow=\"fullscreen; accelerometer; autoplay; clipboard-write; encrypted-media; gyroscope; picture-in-picture; web-share\" referrerpolicy=\"strict-origin-when-cross-origin\" allowfullscreen data-no-lazy=\"1\" data-skipgform_ajax_framebjll=\"\"><\/iframe><\/div>\n<div class=\"epyt-video-wrapper\"><iframe  style=\"display: block; margin: 0px auto;\"  id=\"_ytid_43043\"  width=\"640\" height=\"480\"  data-origwidth=\"640\" data-origheight=\"480\" src=\"https:\/\/www.youtube.com\/embed\/rua46_vhSvU?enablejsapi=1&#038;autoplay=1&#038;cc_load_policy=0&#038;cc_lang_pref=&#038;iv_load_policy=3&#038;loop=1&#038;playlist=rua46_vhSvU&#038;rel=-1&#038;fs=1&#038;playsinline=0&#038;autohide=2&#038;theme=dark&#038;color=red&#038;controls=1&#038;disablekb=0&#038;\" class=\"__youtube_prefs__  epyt-is-override  no-lazyload\" title=\"YouTube player\"  allow=\"fullscreen; accelerometer; autoplay; clipboard-write; encrypted-media; gyroscope; picture-in-picture; web-share\" referrerpolicy=\"strict-origin-when-cross-origin\" allowfullscreen data-no-lazy=\"1\" data-skipgform_ajax_framebjll=\"\"><\/iframe><\/div>\n<div class=\"epyt-video-wrapper\"><iframe  style=\"display: block; margin: 0px auto;\"  id=\"_ytid_20835\"  width=\"640\" height=\"480\"  data-origwidth=\"640\" data-origheight=\"480\" src=\"https:\/\/www.youtube.com\/embed\/J-yGFd7FeNs?enablejsapi=1&#038;autoplay=1&#038;cc_load_policy=0&#038;cc_lang_pref=&#038;iv_load_policy=3&#038;loop=1&#038;playlist=J-yGFd7FeNs&#038;rel=-1&#038;fs=1&#038;playsinline=0&#038;autohide=2&#038;theme=dark&#038;color=red&#038;controls=1&#038;disablekb=0&#038;\" class=\"__youtube_prefs__  epyt-is-override  no-lazyload\" title=\"YouTube player\"  allow=\"fullscreen; accelerometer; autoplay; clipboard-write; encrypted-media; gyroscope; picture-in-picture; web-share\" referrerpolicy=\"strict-origin-when-cross-origin\" allowfullscreen data-no-lazy=\"1\" data-skipgform_ajax_framebjll=\"\"><\/iframe><\/div>\n<div class=\"epyt-video-wrapper\"><iframe  style=\"display: block; margin: 0px auto;\"  id=\"_ytid_25591\"  width=\"640\" height=\"480\"  data-origwidth=\"640\" data-origheight=\"480\" src=\"https:\/\/www.youtube.com\/embed\/iNRj-ru5Z5U?enablejsapi=1&#038;autoplay=1&#038;cc_load_policy=0&#038;cc_lang_pref=&#038;iv_load_policy=3&#038;loop=1&#038;playlist=iNRj-ru5Z5U&#038;rel=-1&#038;fs=1&#038;playsinline=0&#038;autohide=2&#038;theme=dark&#038;color=red&#038;controls=1&#038;disablekb=0&#038;\" class=\"__youtube_prefs__  epyt-is-override  no-lazyload\" title=\"YouTube player\"  allow=\"fullscreen; accelerometer; autoplay; clipboard-write; encrypted-media; gyroscope; picture-in-picture; web-share\" referrerpolicy=\"strict-origin-when-cross-origin\" allowfullscreen data-no-lazy=\"1\" data-skipgform_ajax_framebjll=\"\"><\/iframe><\/div>\n","protected":false},"excerpt":{"rendered":"<p>Viernes 4 febrero 2011: Abertura Grupo Mauc\u00f3, Ruta 5, El Gitano, Competencia, El humor de Bohemia Porte\u00f1a, La Sonora Palacios. S\u00e1bado 5: Abertura Grupo Mauc\u00f3, Hermanos Morales, Rodrigo Tapia (ex Rojo), Competencia, Natalino, el humor de Gigi Martin, Premiaci\u00f3n, Grupo Mega Apuesta<\/p>\n","protected":false},"author":2,"featured_media":89434,"comment_status":"open","ping_status":"closed","sticky":false,"template":"","format":"standard","meta":{"footnotes":""},"categories":[81],"tags":[],"class_list":["post-20455","post","type-post","status-publish","format-standard","has-post-thumbnail","hentry","category-festival-concon-un-canto-al-mar-2011"],"yoast_head":"<!-- This site is optimized with the Yoast SEO plugin v27.5 - https:\/\/yoast.com\/product\/yoast-seo-wordpress\/ -->\n<title>Festival Conc\u00f3n Un Canto al Mar 2011 - Quinta Visi\u00f3n Televisi\u00f3n<\/title>\n<meta name=\"robots\" content=\"index, follow, max-snippet:-1, max-image-preview:large, max-video-preview:-1\" \/>\n<link rel=\"canonical\" href=\"https:\/\/www.quintavision.cl\/portal\/11\/02\/2011\/festival-concon-un-canto-al-mar-2011\/\" \/>\n<meta property=\"og:locale\" content=\"es_ES\" \/>\n<meta property=\"og:type\" content=\"article\" \/>\n<meta property=\"og:title\" content=\"Festival Conc\u00f3n Un Canto al Mar 2011 - Quinta Visi\u00f3n Televisi\u00f3n\" \/>\n<meta property=\"og:description\" content=\"Viernes 4 febrero 2011: Abertura Grupo Mauc\u00f3, Ruta 5, El Gitano, Competencia, El humor de Bohemia Porte\u00f1a, La Sonora Palacios. S\u00e1bado 5: Abertura Grupo Mauc\u00f3, Hermanos Morales, Rodrigo Tapia (ex Rojo), Competencia, Natalino, el humor de Gigi Martin, Premiaci\u00f3n, Grupo Mega Apuesta\" \/>\n<meta property=\"og:url\" content=\"https:\/\/www.quintavision.cl\/portal\/11\/02\/2011\/festival-concon-un-canto-al-mar-2011\/\" \/>\n<meta property=\"og:site_name\" content=\"Quinta Visi\u00f3n Televisi\u00f3n\" \/>\n<meta property=\"article:publisher\" content=\"https:\/\/www.facebook.com\/quintavision.television\" \/>\n<meta property=\"article:published_time\" content=\"2011-02-12T02:11:41+00:00\" \/>\n<meta property=\"article:modified_time\" content=\"2019-02-24T12:02:09+00:00\" \/>\n<meta property=\"og:image\" content=\"https:\/\/www.quintavision.cl\/portal\/wp-content\/uploads\/2019\/02\/quinta.jpg\" \/>\n\t<meta property=\"og:image:width\" content=\"200\" \/>\n\t<meta property=\"og:image:height\" content=\"200\" \/>\n\t<meta property=\"og:image:type\" content=\"image\/jpeg\" \/>\n<meta name=\"author\" content=\"QVTV\" \/>\n<meta name=\"twitter:card\" content=\"summary_large_image\" \/>\n<meta name=\"twitter:creator\" content=\"@quintavision\" \/>\n<meta name=\"twitter:site\" content=\"@quintavision\" \/>\n<meta name=\"twitter:label1\" content=\"Escrito por\" \/>\n\t<meta name=\"twitter:data1\" content=\"QVTV\" \/>\n\t<meta name=\"twitter:label2\" content=\"Tiempo de lectura\" \/>\n\t<meta name=\"twitter:data2\" content=\"1 minuto\" \/>\n<script type=\"application\/ld+json\" class=\"yoast-schema-graph\">{\"@context\":\"https:\\\/\\\/schema.org\",\"@graph\":[{\"@type\":\"Article\",\"@id\":\"https:\\\/\\\/www.quintavision.cl\\\/portal\\\/11\\\/02\\\/2011\\\/festival-concon-un-canto-al-mar-2011\\\/#article\",\"isPartOf\":{\"@id\":\"https:\\\/\\\/www.quintavision.cl\\\/portal\\\/11\\\/02\\\/2011\\\/festival-concon-un-canto-al-mar-2011\\\/\"},\"author\":{\"name\":\"QVTV\",\"@id\":\"https:\\\/\\\/www.quintavision.cl\\\/portal\\\/#\\\/schema\\\/person\\\/fe7cfbd588a087bc6031c9158758a12a\"},\"headline\":\"Festival Conc\u00f3n Un Canto al Mar 2011\",\"datePublished\":\"2011-02-12T02:11:41+00:00\",\"dateModified\":\"2019-02-24T12:02:09+00:00\",\"mainEntityOfPage\":{\"@id\":\"https:\\\/\\\/www.quintavision.cl\\\/portal\\\/11\\\/02\\\/2011\\\/festival-concon-un-canto-al-mar-2011\\\/\"},\"wordCount\":133,\"commentCount\":3,\"publisher\":{\"@id\":\"https:\\\/\\\/www.quintavision.cl\\\/portal\\\/#organization\"},\"image\":{\"@id\":\"https:\\\/\\\/www.quintavision.cl\\\/portal\\\/11\\\/02\\\/2011\\\/festival-concon-un-canto-al-mar-2011\\\/#primaryimage\"},\"thumbnailUrl\":\"https:\\\/\\\/www.quintavision.cl\\\/portal\\\/wp-content\\\/uploads\\\/2019\\\/02\\\/quinta.jpg\",\"articleSection\":[\"Festival Conc\u00f3n Un Canto al Mar 2011\"],\"inLanguage\":\"es\",\"potentialAction\":[{\"@type\":\"CommentAction\",\"name\":\"Comment\",\"target\":[\"https:\\\/\\\/www.quintavision.cl\\\/portal\\\/11\\\/02\\\/2011\\\/festival-concon-un-canto-al-mar-2011\\\/#respond\"]}]},{\"@type\":\"WebPage\",\"@id\":\"https:\\\/\\\/www.quintavision.cl\\\/portal\\\/11\\\/02\\\/2011\\\/festival-concon-un-canto-al-mar-2011\\\/\",\"url\":\"https:\\\/\\\/www.quintavision.cl\\\/portal\\\/11\\\/02\\\/2011\\\/festival-concon-un-canto-al-mar-2011\\\/\",\"name\":\"Festival Conc\u00f3n Un Canto al Mar 2011 - Quinta Visi\u00f3n Televisi\u00f3n\",\"isPartOf\":{\"@id\":\"https:\\\/\\\/www.quintavision.cl\\\/portal\\\/#website\"},\"primaryImageOfPage\":{\"@id\":\"https:\\\/\\\/www.quintavision.cl\\\/portal\\\/11\\\/02\\\/2011\\\/festival-concon-un-canto-al-mar-2011\\\/#primaryimage\"},\"image\":{\"@id\":\"https:\\\/\\\/www.quintavision.cl\\\/portal\\\/11\\\/02\\\/2011\\\/festival-concon-un-canto-al-mar-2011\\\/#primaryimage\"},\"thumbnailUrl\":\"https:\\\/\\\/www.quintavision.cl\\\/portal\\\/wp-content\\\/uploads\\\/2019\\\/02\\\/quinta.jpg\",\"datePublished\":\"2011-02-12T02:11:41+00:00\",\"dateModified\":\"2019-02-24T12:02:09+00:00\",\"breadcrumb\":{\"@id\":\"https:\\\/\\\/www.quintavision.cl\\\/portal\\\/11\\\/02\\\/2011\\\/festival-concon-un-canto-al-mar-2011\\\/#breadcrumb\"},\"inLanguage\":\"es\",\"potentialAction\":[{\"@type\":\"ReadAction\",\"target\":[\"https:\\\/\\\/www.quintavision.cl\\\/portal\\\/11\\\/02\\\/2011\\\/festival-concon-un-canto-al-mar-2011\\\/\"]}]},{\"@type\":\"ImageObject\",\"inLanguage\":\"es\",\"@id\":\"https:\\\/\\\/www.quintavision.cl\\\/portal\\\/11\\\/02\\\/2011\\\/festival-concon-un-canto-al-mar-2011\\\/#primaryimage\",\"url\":\"https:\\\/\\\/www.quintavision.cl\\\/portal\\\/wp-content\\\/uploads\\\/2019\\\/02\\\/quinta.jpg\",\"contentUrl\":\"https:\\\/\\\/www.quintavision.cl\\\/portal\\\/wp-content\\\/uploads\\\/2019\\\/02\\\/quinta.jpg\",\"width\":200,\"height\":200},{\"@type\":\"BreadcrumbList\",\"@id\":\"https:\\\/\\\/www.quintavision.cl\\\/portal\\\/11\\\/02\\\/2011\\\/festival-concon-un-canto-al-mar-2011\\\/#breadcrumb\",\"itemListElement\":[{\"@type\":\"ListItem\",\"position\":1,\"name\":\"Portada\",\"item\":\"https:\\\/\\\/www.quintavision.cl\\\/portal\\\/\"},{\"@type\":\"ListItem\",\"position\":2,\"name\":\"Festival Conc\u00f3n Un Canto al Mar 2011\"}]},{\"@type\":\"WebSite\",\"@id\":\"https:\\\/\\\/www.quintavision.cl\\\/portal\\\/#website\",\"url\":\"https:\\\/\\\/www.quintavision.cl\\\/portal\\\/\",\"name\":\"Quinta Visi\u00f3n Televisi\u00f3n\",\"description\":\"Tu voz local\",\"publisher\":{\"@id\":\"https:\\\/\\\/www.quintavision.cl\\\/portal\\\/#organization\"},\"alternateName\":\"qv tv\",\"potentialAction\":[{\"@type\":\"SearchAction\",\"target\":{\"@type\":\"EntryPoint\",\"urlTemplate\":\"https:\\\/\\\/www.quintavision.cl\\\/portal\\\/?s={search_term_string}\"},\"query-input\":{\"@type\":\"PropertyValueSpecification\",\"valueRequired\":true,\"valueName\":\"search_term_string\"}}],\"inLanguage\":\"es\"},{\"@type\":\"Organization\",\"@id\":\"https:\\\/\\\/www.quintavision.cl\\\/portal\\\/#organization\",\"name\":\"Quinta Visi\u00f3n Televisi\u00f3n\",\"url\":\"https:\\\/\\\/www.quintavision.cl\\\/portal\\\/\",\"logo\":{\"@type\":\"ImageObject\",\"inLanguage\":\"es\",\"@id\":\"https:\\\/\\\/www.quintavision.cl\\\/portal\\\/#\\\/schema\\\/logo\\\/image\\\/\",\"url\":\"https:\\\/\\\/www.quintavision.cl\\\/portal\\\/wp-content\\\/uploads\\\/2026\\\/01\\\/logon.png\",\"contentUrl\":\"https:\\\/\\\/www.quintavision.cl\\\/portal\\\/wp-content\\\/uploads\\\/2026\\\/01\\\/logon.png\",\"width\":786,\"height\":303,\"caption\":\"Quinta Visi\u00f3n Televisi\u00f3n\"},\"image\":{\"@id\":\"https:\\\/\\\/www.quintavision.cl\\\/portal\\\/#\\\/schema\\\/logo\\\/image\\\/\"},\"sameAs\":[\"https:\\\/\\\/www.facebook.com\\\/quintavision.television\",\"https:\\\/\\\/x.com\\\/quintavision\",\"https:\\\/\\\/www.instagram.com\\\/quintavisiontv\\\/\"]},{\"@type\":\"Person\",\"@id\":\"https:\\\/\\\/www.quintavision.cl\\\/portal\\\/#\\\/schema\\\/person\\\/fe7cfbd588a087bc6031c9158758a12a\",\"name\":\"QVTV\",\"image\":{\"@type\":\"ImageObject\",\"inLanguage\":\"es\",\"@id\":\"https:\\\/\\\/secure.gravatar.com\\\/avatar\\\/298ecf1cd6c8f163534ab9688b2d8af47ac1a06768c54855578935070ef9190c?s=96&d=mm&r=g\",\"url\":\"https:\\\/\\\/secure.gravatar.com\\\/avatar\\\/298ecf1cd6c8f163534ab9688b2d8af47ac1a06768c54855578935070ef9190c?s=96&d=mm&r=g\",\"contentUrl\":\"https:\\\/\\\/secure.gravatar.com\\\/avatar\\\/298ecf1cd6c8f163534ab9688b2d8af47ac1a06768c54855578935070ef9190c?s=96&d=mm&r=g\",\"caption\":\"QVTV\"},\"url\":\"https:\\\/\\\/www.quintavision.cl\\\/portal\\\/author\\\/qvtv\\\/\"}]}<\/script>\n<!-- \/ Yoast SEO plugin. -->","yoast_head_json":{"title":"Festival Conc\u00f3n Un Canto al Mar 2011 - Quinta Visi\u00f3n Televisi\u00f3n","robots":{"index":"index","follow":"follow","max-snippet":"max-snippet:-1","max-image-preview":"max-image-preview:large","max-video-preview":"max-video-preview:-1"},"canonical":"https:\/\/www.quintavision.cl\/portal\/11\/02\/2011\/festival-concon-un-canto-al-mar-2011\/","og_locale":"es_ES","og_type":"article","og_title":"Festival Conc\u00f3n Un Canto al Mar 2011 - Quinta Visi\u00f3n Televisi\u00f3n","og_description":"Viernes 4 febrero 2011: Abertura Grupo Mauc\u00f3, Ruta 5, El Gitano, Competencia, El humor de Bohemia Porte\u00f1a, La Sonora Palacios. S\u00e1bado 5: Abertura Grupo Mauc\u00f3, Hermanos Morales, Rodrigo Tapia (ex Rojo), Competencia, Natalino, el humor de Gigi Martin, Premiaci\u00f3n, Grupo Mega Apuesta","og_url":"https:\/\/www.quintavision.cl\/portal\/11\/02\/2011\/festival-concon-un-canto-al-mar-2011\/","og_site_name":"Quinta Visi\u00f3n Televisi\u00f3n","article_publisher":"https:\/\/www.facebook.com\/quintavision.television","article_published_time":"2011-02-12T02:11:41+00:00","article_modified_time":"2019-02-24T12:02:09+00:00","og_image":[{"width":200,"height":200,"url":"https:\/\/www.quintavision.cl\/portal\/wp-content\/uploads\/2019\/02\/quinta.jpg","type":"image\/jpeg"}],"author":"QVTV","twitter_card":"summary_large_image","twitter_creator":"@quintavision","twitter_site":"@quintavision","twitter_misc":{"Escrito por":"QVTV","Tiempo de lectura":"1 minuto"},"schema":{"@context":"https:\/\/schema.org","@graph":[{"@type":"Article","@id":"https:\/\/www.quintavision.cl\/portal\/11\/02\/2011\/festival-concon-un-canto-al-mar-2011\/#article","isPartOf":{"@id":"https:\/\/www.quintavision.cl\/portal\/11\/02\/2011\/festival-concon-un-canto-al-mar-2011\/"},"author":{"name":"QVTV","@id":"https:\/\/www.quintavision.cl\/portal\/#\/schema\/person\/fe7cfbd588a087bc6031c9158758a12a"},"headline":"Festival Conc\u00f3n Un Canto al Mar 2011","datePublished":"2011-02-12T02:11:41+00:00","dateModified":"2019-02-24T12:02:09+00:00","mainEntityOfPage":{"@id":"https:\/\/www.quintavision.cl\/portal\/11\/02\/2011\/festival-concon-un-canto-al-mar-2011\/"},"wordCount":133,"commentCount":3,"publisher":{"@id":"https:\/\/www.quintavision.cl\/portal\/#organization"},"image":{"@id":"https:\/\/www.quintavision.cl\/portal\/11\/02\/2011\/festival-concon-un-canto-al-mar-2011\/#primaryimage"},"thumbnailUrl":"https:\/\/www.quintavision.cl\/portal\/wp-content\/uploads\/2019\/02\/quinta.jpg","articleSection":["Festival Conc\u00f3n Un Canto al Mar 2011"],"inLanguage":"es","potentialAction":[{"@type":"CommentAction","name":"Comment","target":["https:\/\/www.quintavision.cl\/portal\/11\/02\/2011\/festival-concon-un-canto-al-mar-2011\/#respond"]}]},{"@type":"WebPage","@id":"https:\/\/www.quintavision.cl\/portal\/11\/02\/2011\/festival-concon-un-canto-al-mar-2011\/","url":"https:\/\/www.quintavision.cl\/portal\/11\/02\/2011\/festival-concon-un-canto-al-mar-2011\/","name":"Festival Conc\u00f3n Un Canto al Mar 2011 - Quinta Visi\u00f3n Televisi\u00f3n","isPartOf":{"@id":"https:\/\/www.quintavision.cl\/portal\/#website"},"primaryImageOfPage":{"@id":"https:\/\/www.quintavision.cl\/portal\/11\/02\/2011\/festival-concon-un-canto-al-mar-2011\/#primaryimage"},"image":{"@id":"https:\/\/www.quintavision.cl\/portal\/11\/02\/2011\/festival-concon-un-canto-al-mar-2011\/#primaryimage"},"thumbnailUrl":"https:\/\/www.quintavision.cl\/portal\/wp-content\/uploads\/2019\/02\/quinta.jpg","datePublished":"2011-02-12T02:11:41+00:00","dateModified":"2019-02-24T12:02:09+00:00","breadcrumb":{"@id":"https:\/\/www.quintavision.cl\/portal\/11\/02\/2011\/festival-concon-un-canto-al-mar-2011\/#breadcrumb"},"inLanguage":"es","potentialAction":[{"@type":"ReadAction","target":["https:\/\/www.quintavision.cl\/portal\/11\/02\/2011\/festival-concon-un-canto-al-mar-2011\/"]}]},{"@type":"ImageObject","inLanguage":"es","@id":"https:\/\/www.quintavision.cl\/portal\/11\/02\/2011\/festival-concon-un-canto-al-mar-2011\/#primaryimage","url":"https:\/\/www.quintavision.cl\/portal\/wp-content\/uploads\/2019\/02\/quinta.jpg","contentUrl":"https:\/\/www.quintavision.cl\/portal\/wp-content\/uploads\/2019\/02\/quinta.jpg","width":200,"height":200},{"@type":"BreadcrumbList","@id":"https:\/\/www.quintavision.cl\/portal\/11\/02\/2011\/festival-concon-un-canto-al-mar-2011\/#breadcrumb","itemListElement":[{"@type":"ListItem","position":1,"name":"Portada","item":"https:\/\/www.quintavision.cl\/portal\/"},{"@type":"ListItem","position":2,"name":"Festival Conc\u00f3n Un Canto al Mar 2011"}]},{"@type":"WebSite","@id":"https:\/\/www.quintavision.cl\/portal\/#website","url":"https:\/\/www.quintavision.cl\/portal\/","name":"Quinta Visi\u00f3n Televisi\u00f3n","description":"Tu voz local","publisher":{"@id":"https:\/\/www.quintavision.cl\/portal\/#organization"},"alternateName":"qv tv","potentialAction":[{"@type":"SearchAction","target":{"@type":"EntryPoint","urlTemplate":"https:\/\/www.quintavision.cl\/portal\/?s={search_term_string}"},"query-input":{"@type":"PropertyValueSpecification","valueRequired":true,"valueName":"search_term_string"}}],"inLanguage":"es"},{"@type":"Organization","@id":"https:\/\/www.quintavision.cl\/portal\/#organization","name":"Quinta Visi\u00f3n Televisi\u00f3n","url":"https:\/\/www.quintavision.cl\/portal\/","logo":{"@type":"ImageObject","inLanguage":"es","@id":"https:\/\/www.quintavision.cl\/portal\/#\/schema\/logo\/image\/","url":"https:\/\/www.quintavision.cl\/portal\/wp-content\/uploads\/2026\/01\/logon.png","contentUrl":"https:\/\/www.quintavision.cl\/portal\/wp-content\/uploads\/2026\/01\/logon.png","width":786,"height":303,"caption":"Quinta Visi\u00f3n Televisi\u00f3n"},"image":{"@id":"https:\/\/www.quintavision.cl\/portal\/#\/schema\/logo\/image\/"},"sameAs":["https:\/\/www.facebook.com\/quintavision.television","https:\/\/x.com\/quintavision","https:\/\/www.instagram.com\/quintavisiontv\/"]},{"@type":"Person","@id":"https:\/\/www.quintavision.cl\/portal\/#\/schema\/person\/fe7cfbd588a087bc6031c9158758a12a","name":"QVTV","image":{"@type":"ImageObject","inLanguage":"es","@id":"https:\/\/secure.gravatar.com\/avatar\/298ecf1cd6c8f163534ab9688b2d8af47ac1a06768c54855578935070ef9190c?s=96&d=mm&r=g","url":"https:\/\/secure.gravatar.com\/avatar\/298ecf1cd6c8f163534ab9688b2d8af47ac1a06768c54855578935070ef9190c?s=96&d=mm&r=g","contentUrl":"https:\/\/secure.gravatar.com\/avatar\/298ecf1cd6c8f163534ab9688b2d8af47ac1a06768c54855578935070ef9190c?s=96&d=mm&r=g","caption":"QVTV"},"url":"https:\/\/www.quintavision.cl\/portal\/author\/qvtv\/"}]}},"_links":{"self":[{"href":"https:\/\/www.quintavision.cl\/portal\/wp-json\/wp\/v2\/posts\/20455","targetHints":{"allow":["GET"]}}],"collection":[{"href":"https:\/\/www.quintavision.cl\/portal\/wp-json\/wp\/v2\/posts"}],"about":[{"href":"https:\/\/www.quintavision.cl\/portal\/wp-json\/wp\/v2\/types\/post"}],"author":[{"embeddable":true,"href":"https:\/\/www.quintavision.cl\/portal\/wp-json\/wp\/v2\/users\/2"}],"replies":[{"embeddable":true,"href":"https:\/\/www.quintavision.cl\/portal\/wp-json\/wp\/v2\/comments?post=20455"}],"version-history":[{"count":0,"href":"https:\/\/www.quintavision.cl\/portal\/wp-json\/wp\/v2\/posts\/20455\/revisions"}],"wp:featuredmedia":[{"embeddable":true,"href":"https:\/\/www.quintavision.cl\/portal\/wp-json\/wp\/v2\/media\/89434"}],"wp:attachment":[{"href":"https:\/\/www.quintavision.cl\/portal\/wp-json\/wp\/v2\/media?parent=20455"}],"wp:term":[{"taxonomy":"category","embeddable":true,"href":"https:\/\/www.quintavision.cl\/portal\/wp-json\/wp\/v2\/categories?post=20455"},{"taxonomy":"post_tag","embeddable":true,"href":"https:\/\/www.quintavision.cl\/portal\/wp-json\/wp\/v2\/tags?post=20455"}],"curies":[{"name":"wp","href":"https:\/\/api.w.org\/{rel}","templated":true}]}}